{"id":500,"date":"2024-02-20T04:01:43","date_gmt":"2024-02-20T03:01:43","guid":{"rendered":"https:\/\/aztlanfund.org.mx\/?p=500"},"modified":"2024-02-20T04:01:43","modified_gmt":"2024-02-20T03:01:43","slug":"se-cae-monumento-de-la-cdmx","status":"publish","type":"post","link":"https:\/\/aztlanfund.org.mx\/index.php\/2024\/02\/20\/se-cae-monumento-de-la-cdmx\/","title":{"rendered":"Se cae monumento de la CDMX"},"content":{"rendered":"<p>Bienvenidos a Historia, Cultura e Identidad con Andy Javier Correa Montejo y Frida Urbina. En este espacio compartimos pl\u00e1ticas de m\u00fasica, cine, literatura, historia, paisaje urbano, experiencias de vida y mucho m\u00e1s. El d\u00eda de hoy hablamos del paisaje urbano y de diferentes monumentos que nos rodean en M\u00e9xico pero que a veces pasamos desapercibidos.<\/p>\n<p>S\u00edguenos en todas nuestras redes sociales Instagram, TikTok, YouTube y Facebook como: <span style=\"color: #0000ff;\"><strong>@a.javiercorrea<\/strong><\/span><\/p>\n<p><iframe loading=\"lazy\" title=\"Se cae monumento de la CDMX\" width=\"920\" height=\"518\" src=\"https:\/\/www.youtube.com\/embed\/UGZrOpQbo-Q?feature=oembed\" frameborder=\"0\" allow=\"accelerometer; autoplay; clipboard-write; encrypted-media; gyroscope; picture-in-picture; web-share\" allowfullscreen><\/iframe><\/p>\n","protected":false},"excerpt":{"rendered":"<p>Bienvenidos a Historia, Cultura e Identidad con Andy Javier Correa Montejo y Frida Urbina. En este espacio compartimos pl\u00e1ticas de m\u00fasica, cine, literatura, historia, paisaje urbano, experiencias de vida y&#8230; <a class=\"continue-reading-link\" href=\"https:\/\/aztlanfund.org.mx\/index.php\/2024\/02\/20\/se-cae-monumento-de-la-cdmx\/\">Saber m\u00e1s&#8230;<\/a><\/p>\n","protected":false},"author":1,"featured_media":501,"comment_status":"closed","ping_status":"closed","sticky":false,"template":"","format":"standard","meta":{"footnotes":""},"categories":[42],"tags":[41,76,73,74,72,77,71,70,58,75,39],"class_list":["post-500","post","type-post","status-publish","format-standard","has-post-thumbnail","hentry","category-mexico-contemporaneo","tag-andy-javier-correa","tag-angel-de-la-independecia","tag-el-caballito-de-la-cdmx","tag-esculturas-mexicanas","tag-indios-verdes","tag-monumento-a-la-revolucion","tag-monumentos-cdmx","tag-monumentos-de-mexico","tag-paisaje-urbano","tag-paseo-de-la-reforma","tag-podcast-mexicano"],"_links":{"self":[{"href":"https:\/\/aztlanfund.org.mx\/index.php\/wp-json\/wp\/v2\/posts\/500","targetHints":{"allow":["GET"]}}],"collection":[{"href":"https:\/\/aztlanfund.org.mx\/index.php\/wp-json\/wp\/v2\/posts"}],"about":[{"href":"https:\/\/aztlanfund.org.mx\/index.php\/wp-json\/wp\/v2\/types\/post"}],"author":[{"embeddable":true,"href":"https:\/\/aztlanfund.org.mx\/index.php\/wp-json\/wp\/v2\/users\/1"}],"replies":[{"embeddable":true,"href":"https:\/\/aztlanfund.org.mx\/index.php\/wp-json\/wp\/v2\/comments?post=500"}],"version-history":[{"count":1,"href":"https:\/\/aztlanfund.org.mx\/index.php\/wp-json\/wp\/v2\/posts\/500\/revisions"}],"predecessor-version":[{"id":502,"href":"https:\/\/aztlanfund.org.mx\/index.php\/wp-json\/wp\/v2\/posts\/500\/revisions\/502"}],"wp:featuredmedia":[{"embeddable":true,"href":"https:\/\/aztlanfund.org.mx\/index.php\/wp-json\/wp\/v2\/media\/501"}],"wp:attachment":[{"href":"https:\/\/aztlanfund.org.mx\/index.php\/wp-json\/wp\/v2\/media?parent=500"}],"wp:term":[{"taxonomy":"category","embeddable":true,"href":"https:\/\/aztlanfund.org.mx\/index.php\/wp-json\/wp\/v2\/categories?post=500"},{"taxonomy":"post_tag","embeddable":true,"href":"https:\/\/aztlanfund.org.mx\/index.php\/wp-json\/wp\/v2\/tags?post=500"}],"curies":[{"name":"wp","href":"https:\/\/api.w.org\/{rel}","templated":true}]}}