{"id":515,"date":"2024-03-07T06:59:44","date_gmt":"2024-03-07T05:59:44","guid":{"rendered":"https:\/\/aztlanfund.org.mx\/?p=515"},"modified":"2024-03-07T06:59:44","modified_gmt":"2024-03-07T05:59:44","slug":"festival-avandaro-segunda-parte","status":"publish","type":"post","link":"https:\/\/aztlanfund.org.mx\/index.php\/2024\/03\/07\/festival-avandaro-segunda-parte\/","title":{"rendered":"Festival Av\u00e1ndaro (SEGUNDA PARTE)"},"content":{"rendered":"<p>Bienvenidos a Historia, Cultura e Identidad con Andy Javier Correa Montejo y Frida Urbina. En este espacio compartimos pl\u00e1ticas de m\u00fasica, cine, literatura, historia, paisaje urbano, experiencias de vida y mucho m\u00e1s. El d\u00eda de hoy hablamos de Av\u00e1ndaro en esta segunda parte, el tan pol\u00e9mico, revolucionario y emblem\u00e1tico festival que alguna vez se llev\u00f3 a cabo en M\u00e9xico.<\/p>\n<p>Te esperamos tambi\u00e9n en nuestras <a href=\"http:\/\/andycorrea.com.mx\" target=\"_blank\" rel=\"noopener\">andycorrea.com.mx<\/a> donde tambi\u00e9n podr\u00e1s encontrar disponible nuestro libro: \u201cEl cad\u00e1ver de Maximiliano y otros cuentos republicanos\u201d por A. Javier Correa. Mismo libro que se encuentra disponible en Amazon y en Mercado Libre.<\/p>\n<p>En todas nuestras redes sociales: Instagram, TikTok, YouTube y Facebook, donde nos encuentras como: <span style=\"color: #3366ff;\"><strong>@andyjaviercorrea<\/strong><\/span><\/p>\n<p><iframe loading=\"lazy\" title=\"Festival Av\u00e1ndaro (SEGUNDA PARTE)\" width=\"920\" height=\"518\" src=\"https:\/\/www.youtube.com\/embed\/gJRltvni6os?feature=oembed\" frameborder=\"0\" allow=\"accelerometer; autoplay; clipboard-write; encrypted-media; gyroscope; picture-in-picture; web-share\" allowfullscreen><\/iframe><\/p>\n","protected":false},"excerpt":{"rendered":"<p>Bienvenidos a Historia, Cultura e Identidad con Andy Javier Correa Montejo y Frida Urbina. En este espacio compartimos pl\u00e1ticas de m\u00fasica, cine, literatura, historia, paisaje urbano, experiencias de vida y&#8230; <a class=\"continue-reading-link\" href=\"https:\/\/aztlanfund.org.mx\/index.php\/2024\/03\/07\/festival-avandaro-segunda-parte\/\">Saber m\u00e1s&#8230;<\/a><\/p>\n","protected":false},"author":1,"featured_media":516,"comment_status":"closed","ping_status":"closed","sticky":false,"template":"","format":"standard","meta":{"footnotes":""},"categories":[42],"tags":[41,81,79,80,39],"class_list":["post-515","post","type-post","status-publish","format-standard","has-post-thumbnail","hentry","category-mexico-contemporaneo","tag-andy-javier-correa","tag-festival-avandaro","tag-festival-de-rock-en-mexico","tag-festival-mexicano","tag-podcast-mexicano"],"_links":{"self":[{"href":"https:\/\/aztlanfund.org.mx\/index.php\/wp-json\/wp\/v2\/posts\/515","targetHints":{"allow":["GET"]}}],"collection":[{"href":"https:\/\/aztlanfund.org.mx\/index.php\/wp-json\/wp\/v2\/posts"}],"about":[{"href":"https:\/\/aztlanfund.org.mx\/index.php\/wp-json\/wp\/v2\/types\/post"}],"author":[{"embeddable":true,"href":"https:\/\/aztlanfund.org.mx\/index.php\/wp-json\/wp\/v2\/users\/1"}],"replies":[{"embeddable":true,"href":"https:\/\/aztlanfund.org.mx\/index.php\/wp-json\/wp\/v2\/comments?post=515"}],"version-history":[{"count":1,"href":"https:\/\/aztlanfund.org.mx\/index.php\/wp-json\/wp\/v2\/posts\/515\/revisions"}],"predecessor-version":[{"id":517,"href":"https:\/\/aztlanfund.org.mx\/index.php\/wp-json\/wp\/v2\/posts\/515\/revisions\/517"}],"wp:featuredmedia":[{"embeddable":true,"href":"https:\/\/aztlanfund.org.mx\/index.php\/wp-json\/wp\/v2\/media\/516"}],"wp:attachment":[{"href":"https:\/\/aztlanfund.org.mx\/index.php\/wp-json\/wp\/v2\/media?parent=515"}],"wp:term":[{"taxonomy":"category","embeddable":true,"href":"https:\/\/aztlanfund.org.mx\/index.php\/wp-json\/wp\/v2\/categories?post=515"},{"taxonomy":"post_tag","embeddable":true,"href":"https:\/\/aztlanfund.org.mx\/index.php\/wp-json\/wp\/v2\/tags?post=515"}],"curies":[{"name":"wp","href":"https:\/\/api.w.org\/{rel}","templated":true}]}}