{"id":535,"date":"2024-04-29T17:53:14","date_gmt":"2024-04-29T15:53:14","guid":{"rendered":"https:\/\/aztlanfund.org.mx\/?p=535"},"modified":"2024-05-05T17:56:53","modified_gmt":"2024-05-05T15:56:53","slug":"monumentos-mexicanos","status":"publish","type":"post","link":"https:\/\/aztlanfund.org.mx\/index.php\/2024\/04\/29\/monumentos-mexicanos\/","title":{"rendered":"Monumentos Mexicanos"},"content":{"rendered":"<p>Bienvenidos a Historia, Cultura e Identidad con Andy Javier Correa Montejo y Frida Urbina. En este espacio compartimos pl\u00e1ticas de m\u00fasica, cine, literatura, historia, paisaje urbano, experiencias de vida y mucho m\u00e1s. El d\u00eda de hoy, en esta segunda parte, hablamos un poco sobre arquitectura mexicana, su historia, datos interesantes y un recuento de algunos de los monumentos m\u00e1s importantes de nuestro pa\u00eds.<\/p>\n<p>Te esperamos tambi\u00e9n en nuestra p\u00e1gina web andycorrea.com.mx donde podr\u00e1s encontrar disponible nuestro libro: \u201cEl cad\u00e1ver de Maximiliano y otros cuentos republicanos\u201d por A. Javier Correa. Mismo libro que se encuentra disponible en Amazon y en Mercado Libre.<\/p>\n<p>S\u00edguenos en todas nuestras redes sociales Instagram, TikTok, YouTube y Facebook nos encuentras como: @andyjaviercorrea.<\/p>\n<p><iframe loading=\"lazy\" title=\"Un poco de historia y arquitectura: Monumentos Mexicanos\" width=\"920\" height=\"518\" src=\"https:\/\/www.youtube.com\/embed\/p5inyeAmNHE?feature=oembed\" frameborder=\"0\" allow=\"accelerometer; autoplay; clipboard-write; encrypted-media; gyroscope; picture-in-picture; web-share\" referrerpolicy=\"strict-origin-when-cross-origin\" allowfullscreen><\/iframe><\/p>\n","protected":false},"excerpt":{"rendered":"<p>Bienvenidos a Historia, Cultura e Identidad con Andy Javier Correa Montejo y Frida Urbina. En este espacio compartimos pl\u00e1ticas de m\u00fasica, cine, literatura, historia, paisaje urbano, experiencias de vida y&#8230; <a class=\"continue-reading-link\" href=\"https:\/\/aztlanfund.org.mx\/index.php\/2024\/04\/29\/monumentos-mexicanos\/\">Saber m\u00e1s&#8230;<\/a><\/p>\n","protected":false},"author":1,"featured_media":536,"comment_status":"closed","ping_status":"closed","sticky":false,"template":"","format":"standard","meta":{"footnotes":""},"categories":[42],"tags":[41,90,96,92,94,77,95,93,91,39],"class_list":["post-535","post","type-post","status-publish","format-standard","has-post-thumbnail","hentry","category-mexico-contemporaneo","tag-andy-javier-correa","tag-arquitectura-mexicana","tag-estela-de-luz-de-la-ciudad-de-mexico","tag-historia-mexicana","tag-monumento-a-la-raza","tag-monumento-a-la-revolucion","tag-monumento-al-caminero","tag-monumentos-celebres","tag-monumentos-mexicanos","tag-podcast-mexicano"],"_links":{"self":[{"href":"https:\/\/aztlanfund.org.mx\/index.php\/wp-json\/wp\/v2\/posts\/535","targetHints":{"allow":["GET"]}}],"collection":[{"href":"https:\/\/aztlanfund.org.mx\/index.php\/wp-json\/wp\/v2\/posts"}],"about":[{"href":"https:\/\/aztlanfund.org.mx\/index.php\/wp-json\/wp\/v2\/types\/post"}],"author":[{"embeddable":true,"href":"https:\/\/aztlanfund.org.mx\/index.php\/wp-json\/wp\/v2\/users\/1"}],"replies":[{"embeddable":true,"href":"https:\/\/aztlanfund.org.mx\/index.php\/wp-json\/wp\/v2\/comments?post=535"}],"version-history":[{"count":1,"href":"https:\/\/aztlanfund.org.mx\/index.php\/wp-json\/wp\/v2\/posts\/535\/revisions"}],"predecessor-version":[{"id":537,"href":"https:\/\/aztlanfund.org.mx\/index.php\/wp-json\/wp\/v2\/posts\/535\/revisions\/537"}],"wp:featuredmedia":[{"embeddable":true,"href":"https:\/\/aztlanfund.org.mx\/index.php\/wp-json\/wp\/v2\/media\/536"}],"wp:attachment":[{"href":"https:\/\/aztlanfund.org.mx\/index.php\/wp-json\/wp\/v2\/media?parent=535"}],"wp:term":[{"taxonomy":"category","embeddable":true,"href":"https:\/\/aztlanfund.org.mx\/index.php\/wp-json\/wp\/v2\/categories?post=535"},{"taxonomy":"post_tag","embeddable":true,"href":"https:\/\/aztlanfund.org.mx\/index.php\/wp-json\/wp\/v2\/tags?post=535"}],"curies":[{"name":"wp","href":"https:\/\/api.w.org\/{rel}","templated":true}]}}