{"id":622,"date":"2024-09-20T20:45:11","date_gmt":"2024-09-20T18:45:11","guid":{"rendered":"http:\/\/aztlanfund.org.mx\/?p=622"},"modified":"2024-09-20T20:45:11","modified_gmt":"2024-09-20T18:45:11","slug":"la-controversia-de-valladolid","status":"publish","type":"post","link":"https:\/\/aztlanfund.org.mx\/index.php\/2024\/09\/20\/la-controversia-de-valladolid\/","title":{"rendered":"La Controversia de Valladolid"},"content":{"rendered":"<p>Bienvenidos a Historia, Cultura e Identidad con Andy Javier Correa Montejo y Frida Urbina. En este espacio compartimos pl\u00e1ticas de m\u00fasica, cine, literatura, historia, paisaje urbano, experiencias de vida y mucho m\u00e1s. El d\u00eda de hoy hablamos sobre la Controversia de Valladolid, debate sobre la \u00abPol\u00e9mica de los Naturales\u00bb, que se centr\u00f3 en dos formas opuestas de concebir la conquista de Am\u00e9rica.<\/p>\n<p>Te esperamos en nuestra p\u00e1gina web andycorrea.com.mx donde podr\u00e1s encontrar disponible nuestro libro: \u201cEl cad\u00e1ver de Maximiliano y otros cuentos republicanos\u201d por A. Javier Correa; tambi\u00e9n disponible en Amazon y en Mercado Libre.<\/p>\n<p>En todas nuestras redes sociales Instagram, TikTok, YouTube y Facebook nos encuentras como: @andyjaviercorrea<\/p>\n<p><iframe loading=\"lazy\" title=\"La Controversia Valladolid\" width=\"920\" height=\"518\" src=\"https:\/\/www.youtube.com\/embed\/YZmNuWr-seE?feature=oembed\" frameborder=\"0\" allow=\"accelerometer; autoplay; clipboard-write; encrypted-media; gyroscope; picture-in-picture; web-share\" referrerpolicy=\"strict-origin-when-cross-origin\" allowfullscreen><\/iframe><\/p>\n","protected":false},"excerpt":{"rendered":"<p>Bienvenidos a Historia, Cultura e Identidad con Andy Javier Correa Montejo y Frida Urbina. En este espacio compartimos pl\u00e1ticas de m\u00fasica, cine, literatura, historia, paisaje urbano, experiencias de vida y&#8230; <a class=\"continue-reading-link\" href=\"https:\/\/aztlanfund.org.mx\/index.php\/2024\/09\/20\/la-controversia-de-valladolid\/\">Saber m\u00e1s&#8230;<\/a><\/p>\n","protected":false},"author":1,"featured_media":623,"comment_status":"closed","ping_status":"closed","sticky":false,"template":"","format":"standard","meta":{"footnotes":""},"categories":[15],"tags":[41,265,266,136,268,264,262,105,39,267,263],"class_list":["post-622","post","type-post","status-publish","format-standard","has-post-thumbnail","hentry","category-historia","tag-andy-javier-correa","tag-controversia","tag-debate","tag-historia-de-mexico","tag-la-conquista-de-america","tag-la-conquista-espanola","tag-la-controversia-de-valladolid","tag-podcast","tag-podcast-mexicano","tag-polemica-de-los-naturales","tag-valladolid"],"_links":{"self":[{"href":"https:\/\/aztlanfund.org.mx\/index.php\/wp-json\/wp\/v2\/posts\/622","targetHints":{"allow":["GET"]}}],"collection":[{"href":"https:\/\/aztlanfund.org.mx\/index.php\/wp-json\/wp\/v2\/posts"}],"about":[{"href":"https:\/\/aztlanfund.org.mx\/index.php\/wp-json\/wp\/v2\/types\/post"}],"author":[{"embeddable":true,"href":"https:\/\/aztlanfund.org.mx\/index.php\/wp-json\/wp\/v2\/users\/1"}],"replies":[{"embeddable":true,"href":"https:\/\/aztlanfund.org.mx\/index.php\/wp-json\/wp\/v2\/comments?post=622"}],"version-history":[{"count":1,"href":"https:\/\/aztlanfund.org.mx\/index.php\/wp-json\/wp\/v2\/posts\/622\/revisions"}],"predecessor-version":[{"id":624,"href":"https:\/\/aztlanfund.org.mx\/index.php\/wp-json\/wp\/v2\/posts\/622\/revisions\/624"}],"wp:featuredmedia":[{"embeddable":true,"href":"https:\/\/aztlanfund.org.mx\/index.php\/wp-json\/wp\/v2\/media\/623"}],"wp:attachment":[{"href":"https:\/\/aztlanfund.org.mx\/index.php\/wp-json\/wp\/v2\/media?parent=622"}],"wp:term":[{"taxonomy":"category","embeddable":true,"href":"https:\/\/aztlanfund.org.mx\/index.php\/wp-json\/wp\/v2\/categories?post=622"},{"taxonomy":"post_tag","embeddable":true,"href":"https:\/\/aztlanfund.org.mx\/index.php\/wp-json\/wp\/v2\/tags?post=622"}],"curies":[{"name":"wp","href":"https:\/\/api.w.org\/{rel}","templated":true}]}}